{"id":14536,"date":"2026-09-03T16:05:25","date_gmt":"2026-09-03T16:05:25","guid":{"rendered":"https:\/\/metodistatemuco.cl\/sitio\/?p=14536"},"modified":"2026-09-03T18:19:09","modified_gmt":"2026-09-03T18:19:09","slug":"retiro-de-pastoral","status":"publish","type":"post","link":"https:\/\/metodistatemuco.cl\/sitio\/2026\/09\/03\/retiro-de-pastoral\/","title":{"rendered":"Retiro de Pastoral"},"content":{"rendered":"\t\t<div data-elementor-type=\"wp-post\" data-elementor-id=\"14536\" class=\"elementor elementor-14536\" data-elementor-post-type=\"post\">\n\t\t\t\t<div class=\"elementor-element elementor-element-bff79be e-flex e-con-boxed e-con e-parent\" data-id=\"bff79be\" data-element_type=\"container\" data-e-type=\"container\">\n\t\t\t\t\t<div class=\"e-con-inner\">\n\t\t\t\t<div class=\"elementor-element elementor-element-4db49e4 elementor-widget elementor-widget-text-editor\" data-id=\"4db49e4\" data-element_type=\"widget\" data-e-type=\"widget\" data-widget_type=\"text-editor.default\">\n\t\t\t\t<div class=\"elementor-widget-container\">\n\t\t\t\t\t\t\t\t\t<p><img fetchpriority=\"high\" decoding=\"async\" class=\"alignnone wp-image-14577 size-full\" src=\"https:\/\/metodistatemuco.cl\/sitio\/wp-content\/uploads\/2026\/09\/Retiro-pastoral-final.webp\" alt=\"\" width=\"996\" height=\"369\" srcset=\"https:\/\/metodistatemuco.cl\/sitio\/wp-content\/uploads\/2026\/09\/Retiro-pastoral-final.webp 996w, https:\/\/metodistatemuco.cl\/sitio\/wp-content\/uploads\/2026\/09\/Retiro-pastoral-final-300x111.webp 300w, https:\/\/metodistatemuco.cl\/sitio\/wp-content\/uploads\/2026\/09\/Retiro-pastoral-final-768x285.webp 768w\" sizes=\"(max-width: 996px) 100vw, 996px\" \/><\/p><p>El pasado 13 de agosto, nuestro grupo de Pastoral de Ense\u00f1anza Media vivi\u00f3 una hermosa y bendecida jornada de retiro, en la que abordamos las tem\u00e1ticas de qu\u00e9 significa ser hijos e hijas de Dios y c\u00f3mo aprender a confiar en \u00c9l.<\/p><p>Fue una instancia muy provechosa para conversar, compartir, reflexionar y fortalecer nuestra fe, junto a estudiantes desde <strong>7\u00b0 b\u00e1sico hasta 4\u00b0 medio.<\/strong> Agradecemos a cada estudiante que fue parte de este encuentro y a quienes hicieron posible esta hermosa jornada.<\/p><p>El grupo de Pastoral de Ense\u00f1anza Media es dirigido por los profesores <strong>David L\u00f3pez, Carolina Castro, Daniela Mora y Mar\u00eda Jes\u00fas Troncoso<\/strong>, quienes acompa\u00f1an a los estudiantes en este camino de encuentro, fe y comunidad.<\/p><p>Si quieres conocer m\u00e1s sobre sus actividades y encuentros, puedes seguir su Instagram: <a href=\"https:\/\/www.instagram.com\/pastoralcon.proposito?utm_source=ig_web_button_share_sheet&amp;igsi=ZDNlZDc0MzIxNw==\" target=\"_blank\" rel=\"noopener\">@pastoralcon.proposito<\/a><\/p><p><img decoding=\"async\" class=\"alignnone wp-image-14542 size-full\" src=\"https:\/\/metodistatemuco.cl\/sitio\/wp-content\/uploads\/2026\/09\/Retiro-pastoral-N.webp\" alt=\"\" width=\"1280\" height=\"720\" srcset=\"https:\/\/metodistatemuco.cl\/sitio\/wp-content\/uploads\/2026\/09\/Retiro-pastoral-N.webp 1280w, https:\/\/metodistatemuco.cl\/sitio\/wp-content\/uploads\/2026\/09\/Retiro-pastoral-N-300x169.webp 300w, https:\/\/metodistatemuco.cl\/sitio\/wp-content\/uploads\/2026\/09\/Retiro-pastoral-N-1024x576.webp 1024w, https:\/\/metodistatemuco.cl\/sitio\/wp-content\/uploads\/2026\/09\/Retiro-pastoral-N-768x432.webp 768w\" sizes=\"(max-width: 1280px) 100vw, 1280px\" \/><\/p><p style=\"text-align: right;\"><strong>Revisa todas las fotograf\u00edas en nuestra\u00a0<a href=\"https:\/\/metodistatemuco.cl\/sitio\/galeria-2026\/\">Galeria 2026<\/a><\/strong><\/p>\t\t\t\t\t\t\t\t<\/div>\n\t\t\t\t<\/div>\n\t\t\t\t\t<\/div>\n\t\t\t\t<\/div>\n\t\t\t\t<\/div>\n\t\t","protected":false},"excerpt":{"rendered":"<p>El pasado 13 de agosto, nuestro grupo de Pastoral de Ense\u00f1anza Media vivi\u00f3 una hermosa y bendecida jornada de retiro, [&hellip;]<\/p>\n","protected":false},"author":2,"featured_media":14577,"comment_status":"open","ping_status":"","sticky":false,"template":"","format":"standard","meta":{"site-sidebar-layout":"default","site-content-layout":"","ast-site-content-layout":"default","site-content-style":"default","site-sidebar-style":"default","ast-global-header-display":"","ast-banner-title-visibility":"","ast-main-header-display":"","ast-hfb-above-header-display":"","ast-hfb-below-header-display":"","ast-hfb-mobile-header-display":"","site-post-title":"","ast-breadcrumbs-content":"","ast-featured-img":"","footer-sml-layout":"","ast-disable-related-posts":"","theme-transparent-header-meta":"","adv-header-id-meta":"","stick-header-meta":"","header-above-stick-meta":"","header-main-stick-meta":"","header-below-stick-meta":"","astra-migrate-meta-layouts":"default","ast-page-background-enabled":"default","ast-page-background-meta":{"desktop":{"background-color":"var(--ast-global-color-5)","background-image":"","background-repeat":"repeat","background-position":"center center","background-size":"auto","background-attachment":"scroll","background-type":"","background-media":"","overlay-type":"","overlay-color":"","overlay-opacity":"","overlay-gradient":""},"tablet":{"background-color":"","background-image":"","background-repeat":"repeat","background-position":"center center","background-size":"auto","background-attachment":"scroll","background-type":"","background-media":"","overlay-type":"","overlay-color":"","overlay-opacity":"","overlay-gradient":""},"mobile":{"background-color":"","background-image":"","background-repeat":"repeat","background-position":"center center","background-size":"auto","background-attachment":"scroll","background-type":"","background-media":"","overlay-type":"","overlay-color":"","overlay-opacity":"","overlay-gradient":""}},"ast-content-background-meta":{"desktop":{"background-color":"var(--ast-global-color-4)","background-image":"","background-repeat":"repeat","background-position":"center center","background-size":"auto","background-attachment":"scroll","background-type":"","background-media":"","overlay-type":"","overlay-color":"","overlay-opacity":"","overlay-gradient":""},"tablet":{"background-color":"var(--ast-global-color-4)","background-image":"","background-repeat":"repeat","background-position":"center center","background-size":"auto","background-attachment":"scroll","background-type":"","background-media":"","overlay-type":"","overlay-color":"","overlay-opacity":"","overlay-gradient":""},"mobile":{"background-color":"var(--ast-global-color-4)","background-image":"","background-repeat":"repeat","background-position":"center center","background-size":"auto","background-attachment":"scroll","background-type":"","background-media":"","overlay-type":"","overlay-color":"","overlay-opacity":"","overlay-gradient":""}},"footnotes":""},"categories":[7],"tags":[],"class_list":["post-14536","post","type-post","status-publish","format-standard","has-post-thumbnail","hentry","category-noticias-destacadas"],"_links":{"self":[{"href":"https:\/\/metodistatemuco.cl\/sitio\/wp-json\/wp\/v2\/posts\/14536","targetHints":{"allow":["GET"]}}],"collection":[{"href":"https:\/\/metodistatemuco.cl\/sitio\/wp-json\/wp\/v2\/posts"}],"about":[{"href":"https:\/\/metodistatemuco.cl\/sitio\/wp-json\/wp\/v2\/types\/post"}],"author":[{"embeddable":true,"href":"https:\/\/metodistatemuco.cl\/sitio\/wp-json\/wp\/v2\/users\/2"}],"replies":[{"embeddable":true,"href":"https:\/\/metodistatemuco.cl\/sitio\/wp-json\/wp\/v2\/comments?post=14536"}],"version-history":[{"count":7,"href":"https:\/\/metodistatemuco.cl\/sitio\/wp-json\/wp\/v2\/posts\/14536\/revisions"}],"predecessor-version":[{"id":14580,"href":"https:\/\/metodistatemuco.cl\/sitio\/wp-json\/wp\/v2\/posts\/14536\/revisions\/14580"}],"wp:featuredmedia":[{"embeddable":true,"href":"https:\/\/metodistatemuco.cl\/sitio\/wp-json\/wp\/v2\/media\/14577"}],"wp:attachment":[{"href":"https:\/\/metodistatemuco.cl\/sitio\/wp-json\/wp\/v2\/media?parent=14536"}],"wp:term":[{"taxonomy":"category","embeddable":true,"href":"https:\/\/metodistatemuco.cl\/sitio\/wp-json\/wp\/v2\/categories?post=14536"},{"taxonomy":"post_tag","embeddable":true,"href":"https:\/\/metodistatemuco.cl\/sitio\/wp-json\/wp\/v2\/tags?post=14536"}],"curies":[{"name":"wp","href":"https:\/\/api.w.org\/{rel}","templated":true}]}}