{"id":14497,"date":"2026-09-02T16:14:01","date_gmt":"2026-09-02T16:14:01","guid":{"rendered":"https:\/\/metodistatemuco.cl\/sitio\/?p=14497"},"modified":"2026-09-02T16:16:44","modified_gmt":"2026-09-02T16:16:44","slug":"suspension-acle-jazz","status":"publish","type":"post","link":"https:\/\/metodistatemuco.cl\/sitio\/2026\/09\/02\/suspension-acle-jazz\/","title":{"rendered":"Suspensi\u00f3n ACLE Jazz"},"content":{"rendered":"\t\t<div data-elementor-type=\"wp-post\" data-elementor-id=\"14497\" class=\"elementor elementor-14497\" data-elementor-post-type=\"post\">\n\t\t\t\t<div class=\"elementor-element elementor-element-5238b0a e-flex e-con-boxed e-con e-parent\" data-id=\"5238b0a\" data-element_type=\"container\" data-e-type=\"container\">\n\t\t\t\t\t<div class=\"e-con-inner\">\n\t\t\t\t<div class=\"elementor-element elementor-element-907323a elementor-widget elementor-widget-text-editor\" data-id=\"907323a\" data-element_type=\"widget\" data-e-type=\"widget\" data-widget_type=\"text-editor.default\">\n\t\t\t\t<div class=\"elementor-widget-container\">\n\t\t\t\t\t\t\t\t\t<p><img fetchpriority=\"high\" decoding=\"async\" class=\"alignnone wp-image-14498 size-full\" src=\"https:\/\/metodistatemuco.cl\/sitio\/wp-content\/uploads\/2026\/09\/Suspension-ACLES-Jazz.webp\" alt=\"\" width=\"994\" height=\"369\" srcset=\"https:\/\/metodistatemuco.cl\/sitio\/wp-content\/uploads\/2026\/09\/Suspension-ACLES-Jazz.webp 994w, https:\/\/metodistatemuco.cl\/sitio\/wp-content\/uploads\/2026\/09\/Suspension-ACLES-Jazz-300x111.webp 300w, https:\/\/metodistatemuco.cl\/sitio\/wp-content\/uploads\/2026\/09\/Suspension-ACLES-Jazz-768x285.webp 768w\" sizes=\"(max-width: 994px) 100vw, 994px\" \/><\/p><p>Estimado Apoderado:<\/p><p>Por medio de la presente comunicamos a Ud. que el ACLE de \u201cJazz\u201d ser\u00e1 suspendido los d\u00edas mi\u00e9rcoles 02 y jueves 03 de septiembre por motivos de fuerza mayor. Rogamos a Ud. tomar las providencias del caso.<\/p><p>Atte.<\/p><p style=\"text-align: center;\">Ricardo Torres G.<br \/>Coordinador Extraescolar<br \/><img decoding=\"async\" class=\"alignnone  wp-image-17\" src=\"https:\/\/metodistatemuco.cl\/sitio\/wp-content\/uploads\/2025\/05\/logo-colegio-metodista-1536x508-1-300x99.jpg\" alt=\"\" width=\"179\" height=\"59\" srcset=\"https:\/\/metodistatemuco.cl\/sitio\/wp-content\/uploads\/2025\/05\/logo-colegio-metodista-1536x508-1-300x99.jpg 300w, https:\/\/metodistatemuco.cl\/sitio\/wp-content\/uploads\/2025\/05\/logo-colegio-metodista-1536x508-1-1024x339.jpg 1024w, https:\/\/metodistatemuco.cl\/sitio\/wp-content\/uploads\/2025\/05\/logo-colegio-metodista-1536x508-1-768x254.jpg 768w, https:\/\/metodistatemuco.cl\/sitio\/wp-content\/uploads\/2025\/05\/logo-colegio-metodista-1536x508-1.jpg 1536w\" sizes=\"(max-width: 179px) 100vw, 179px\" \/><\/p>\t\t\t\t\t\t\t\t<\/div>\n\t\t\t\t<\/div>\n\t\t\t\t\t<\/div>\n\t\t\t\t<\/div>\n\t\t\t\t<\/div>\n\t\t","protected":false},"excerpt":{"rendered":"<p>Estimado Apoderado: Por medio de la presente comunicamos a Ud. que el ACLE de \u201cJazz\u201d ser\u00e1 suspendido los d\u00edas mi\u00e9rcoles [&hellip;]<\/p>\n","protected":false},"author":2,"featured_media":14498,"comment_status":"open","ping_status":"","sticky":false,"template":"","format":"standard","meta":{"site-sidebar-layout":"default","site-content-layout":"","ast-site-content-layout":"default","site-content-style":"default","site-sidebar-style":"default","ast-global-header-display":"","ast-banner-title-visibility":"","ast-main-header-display":"","ast-hfb-above-header-display":"","ast-hfb-below-header-display":"","ast-hfb-mobile-header-display":"","site-post-title":"","ast-breadcrumbs-content":"","ast-featured-img":"","footer-sml-layout":"","ast-disable-related-posts":"","theme-transparent-header-meta":"","adv-header-id-meta":"","stick-header-meta":"","header-above-stick-meta":"","header-main-stick-meta":"","header-below-stick-meta":"","astra-migrate-meta-layouts":"default","ast-page-background-enabled":"default","ast-page-background-meta":{"desktop":{"background-color":"var(--ast-global-color-5)","background-image":"","background-repeat":"repeat","background-position":"center center","background-size":"auto","background-attachment":"scroll","background-type":"","background-media":"","overlay-type":"","overlay-color":"","overlay-opacity":"","overlay-gradient":""},"tablet":{"background-color":"","background-image":"","background-repeat":"repeat","background-position":"center center","background-size":"auto","background-attachment":"scroll","background-type":"","background-media":"","overlay-type":"","overlay-color":"","overlay-opacity":"","overlay-gradient":""},"mobile":{"background-color":"","background-image":"","background-repeat":"repeat","background-position":"center center","background-size":"auto","background-attachment":"scroll","background-type":"","background-media":"","overlay-type":"","overlay-color":"","overlay-opacity":"","overlay-gradient":""}},"ast-content-background-meta":{"desktop":{"background-color":"var(--ast-global-color-4)","background-image":"","background-repeat":"repeat","background-position":"center center","background-size":"auto","background-attachment":"scroll","background-type":"","background-media":"","overlay-type":"","overlay-color":"","overlay-opacity":"","overlay-gradient":""},"tablet":{"background-color":"var(--ast-global-color-4)","background-image":"","background-repeat":"repeat","background-position":"center center","background-size":"auto","background-attachment":"scroll","background-type":"","background-media":"","overlay-type":"","overlay-color":"","overlay-opacity":"","overlay-gradient":""},"mobile":{"background-color":"var(--ast-global-color-4)","background-image":"","background-repeat":"repeat","background-position":"center center","background-size":"auto","background-attachment":"scroll","background-type":"","background-media":"","overlay-type":"","overlay-color":"","overlay-opacity":"","overlay-gradient":""}},"footnotes":""},"categories":[9],"tags":[],"class_list":["post-14497","post","type-post","status-publish","format-standard","has-post-thumbnail","hentry","category-acles"],"_links":{"self":[{"href":"https:\/\/metodistatemuco.cl\/sitio\/wp-json\/wp\/v2\/posts\/14497","targetHints":{"allow":["GET"]}}],"collection":[{"href":"https:\/\/metodistatemuco.cl\/sitio\/wp-json\/wp\/v2\/posts"}],"about":[{"href":"https:\/\/metodistatemuco.cl\/sitio\/wp-json\/wp\/v2\/types\/post"}],"author":[{"embeddable":true,"href":"https:\/\/metodistatemuco.cl\/sitio\/wp-json\/wp\/v2\/users\/2"}],"replies":[{"embeddable":true,"href":"https:\/\/metodistatemuco.cl\/sitio\/wp-json\/wp\/v2\/comments?post=14497"}],"version-history":[{"count":7,"href":"https:\/\/metodistatemuco.cl\/sitio\/wp-json\/wp\/v2\/posts\/14497\/revisions"}],"predecessor-version":[{"id":14505,"href":"https:\/\/metodistatemuco.cl\/sitio\/wp-json\/wp\/v2\/posts\/14497\/revisions\/14505"}],"wp:featuredmedia":[{"embeddable":true,"href":"https:\/\/metodistatemuco.cl\/sitio\/wp-json\/wp\/v2\/media\/14498"}],"wp:attachment":[{"href":"https:\/\/metodistatemuco.cl\/sitio\/wp-json\/wp\/v2\/media?parent=14497"}],"wp:term":[{"taxonomy":"category","embeddable":true,"href":"https:\/\/metodistatemuco.cl\/sitio\/wp-json\/wp\/v2\/categories?post=14497"},{"taxonomy":"post_tag","embeddable":true,"href":"https:\/\/metodistatemuco.cl\/sitio\/wp-json\/wp\/v2\/tags?post=14497"}],"curies":[{"name":"wp","href":"https:\/\/api.w.org\/{rel}","templated":true}]}}