{"id":14479,"date":"2026-09-01T16:15:13","date_gmt":"2026-09-01T16:15:13","guid":{"rendered":"https:\/\/metodistatemuco.cl\/sitio\/?p=14479"},"modified":"2026-09-01T16:23:00","modified_gmt":"2026-09-01T16:23:00","slug":"comunicacion-fiestas-patrias","status":"publish","type":"post","link":"https:\/\/metodistatemuco.cl\/sitio\/2026\/09\/01\/comunicacion-fiestas-patrias\/","title":{"rendered":"Comunicaci\u00f3n Fiestas Patrias"},"content":{"rendered":"\t\t<div data-elementor-type=\"wp-post\" data-elementor-id=\"14479\" class=\"elementor elementor-14479\" data-elementor-post-type=\"post\">\n\t\t\t\t<div class=\"elementor-element elementor-element-94e0ef2 e-flex e-con-boxed e-con e-parent\" data-id=\"94e0ef2\" data-element_type=\"container\" data-e-type=\"container\">\n\t\t\t\t\t<div class=\"e-con-inner\">\n\t\t\t\t<div class=\"elementor-element elementor-element-255e840 elementor-widget elementor-widget-text-editor\" data-id=\"255e840\" data-element_type=\"widget\" data-e-type=\"widget\" data-widget_type=\"text-editor.default\">\n\t\t\t\t<div class=\"elementor-widget-container\">\n\t\t\t\t\t\t\t\t\t<p><img fetchpriority=\"high\" decoding=\"async\" class=\"alignnone wp-image-14481 size-full\" src=\"https:\/\/metodistatemuco.cl\/sitio\/wp-content\/uploads\/2026\/09\/Comunicacion-Fiestas-Patrias.webp\" alt=\"\" width=\"996\" height=\"369\" srcset=\"https:\/\/metodistatemuco.cl\/sitio\/wp-content\/uploads\/2026\/09\/Comunicacion-Fiestas-Patrias.webp 996w, https:\/\/metodistatemuco.cl\/sitio\/wp-content\/uploads\/2026\/09\/Comunicacion-Fiestas-Patrias-300x111.webp 300w, https:\/\/metodistatemuco.cl\/sitio\/wp-content\/uploads\/2026\/09\/Comunicacion-Fiestas-Patrias-768x285.webp 768w\" sizes=\"(max-width: 996px) 100vw, 996px\" \/><\/p><p>Estimados Padres y Apoderados:<\/p><p>Junto con saludarles cordialmente, les comunicamos que, de acuerdo a la tradici\u00f3n de nuestra comunidad educativa, durante el mes de septiembre el <strong>Colegio Metodista de Temuco<\/strong> llevar\u00e1 a cabo una serie de actividades especiales para conmemorar las <strong>Fiestas Patrias<\/strong>.<\/p><p>A continuaci\u00f3n, detallamos el programa establecido para esta celebraci\u00f3n:<\/p><p><strong>Lunes<br \/><\/strong><strong>07 de septiembre: \u00a0\u00a0\u00a0 ESQUINAZO.<br \/><\/strong>08:00-08:45 Inicio Actividades de Fiestas Patrias.<br \/>Venta de comida organizada por 7\u00b0mos y 8\u00b0vos.<\/p><p><strong>Martes<br \/><\/strong><strong>08 de septiembre<\/strong>:\u00a0\u00a0\u00a0\u00a0 <strong>\u201cCUECADA\u201d<br \/><\/strong>09:30-10:15 horas. Cuecada B\u00e1sica.<br \/>12:00-12:45 horas. Cuecada Media.<br \/>Venta de comida t\u00edpica organizada por 3\u00b0 medio A y B.<\/p><p><strong>Mi\u00e9rcoles <br \/><\/strong><strong>09 de septiembre<\/strong>:\u00a0\u00a0\u00a0\u00a0 <strong>JUEGOS TRADICIONALES<\/strong>. (1ros y 2dos medios).<br \/>09:00-10:00 horas, K\u00ednder a 6\u00b0 B\u00e1sico.<br \/>10:30-11:30 horas desde 7\u00b0 b\u00e1sico a 4\u00b0 medio.<br \/>La participaci\u00f3n en los juegos tendr\u00e1 un costo m\u00ednimo.<\/p><p><strong>Jueves<br \/><\/strong><strong>10 de septiembre:\u00a0\u00a0\u00a0\u00a0 GALA FOLCL\u00d3RICA. <br \/><\/strong>08:00 \u2013 09:00 Devocional, preparaci\u00f3n vestimentas.<br \/><strong>09:00 &#8211; 10:00 HORAS<\/strong> <strong>ACTO ENSE\u00d1ANZA B\u00c1SICA<\/strong>.<\/p><ol><li><strong> B\u00e1sica<br \/><\/strong>10:00-11:00 Tiempo para comprar en stand de comida t\u00edpica.<br \/>11:30 Se retiran estudiantes<br \/>08:00 \u2013 09:00 Devocional, preparaci\u00f3n vestimentas<\/li><\/ol><ol><li><strong> Media<br \/><\/strong>09:00 &#8211; 10:00 Tiempo para comprar en stand de comida t\u00edpica.<br \/><strong>10:30 &#8211; 11:30 HORAS ACTO ENSE\u00d1ANZA MEDIA.<br \/><\/strong>12:00 horas. Se retiran estudiante.<br \/>Los stands de comida t\u00edpica de este d\u00eda estar\u00e1n a cargo de los cuartos medios A y B.<\/li><\/ol><p><strong>Viernes<br \/><\/strong><strong>11 de septiembre\u00a0\u00a0\u00a0\u00a0\u00a0 : CONVIVENCIAS POR CURSOS.<br \/><\/strong><strong>Salida de los estudiantes a las 12:00 horas<\/strong><strong>\u00a0\u00a0\u00a0\u00a0\u00a0\u00a0\u00a0\u00a0\u00a0\u00a0\u00a0\u00a0\u00a0\u00a0\u00a0\u00a0\u00a0\u00a0\u00a0\u00a0\u00a0\u00a0\u00a0\u00a0\u00a0\u00a0\u00a0\u00a0\u00a0\u00a0\u00a0\u00a0\u00a0\u00a0 \u00a0\u00a0\u00a0\u00a0\u00a0 <\/strong><\/p><p><strong>DISPOSICIONES GENERALES E IMPORTANTES<\/strong><\/p><p><strong>Registro y Privacidad (Fotograf\u00edas y Grabaciones<\/strong> Con el prop\u00f3sito de resguardar el derecho a la privacidad y la protecci\u00f3n de datos de nuestros menores de edad en conformidad con la legislaci\u00f3n vigente, se informa a los apoderados que el colegio realizar\u00e1 un registro institucional audiovisual oficial de las presentaciones. <strong>En l\u00ednea con nuestra pol\u00edtica escolar orientada a fomentar espacios libres de pantallas y restringir el uso de celulares en el establecimiento, solicitamos encarecidamente a los asistentes moderar al m\u00e1ximo el uso de tel\u00e9fonos m\u00f3viles para capturas individuales.<\/strong> De esta manera, resguardamos la seguridad de los estudiantes, evitamos entorpecer la visual del p\u00fablico y promovemos que la comunidad disfrute plenamente del acto de forma presencial. El material oficial grabado por la instituci\u00f3n estar\u00e1 disponible de manera segura para toda la comunidad educativa.<\/p><p><strong>Suspensi\u00f3n de Talleres ACLE:<\/strong> Se suspenden todas las Actividades Curriculares de Libre Elecci\u00f3n (ACLE) desde el lunes 07 hasta el viernes 11 de septiembre.<\/p><p><strong>Uso de Vestimenta:<\/strong> Durante toda esta semana (del 07 al 11 de septiembre), los alumnos y alumnas est\u00e1n autorizados a asistir al colegio con vestimentas tradicionales chilenas.<\/p><p><strong>Puntualidad:<\/strong> Solicitamos la m\u00e1xima rigurosidad y puntualidad en los horarios de retiro de los estudiantes al finalizar cada jornada.<\/p><p><strong>Receso Escolar de Fiestas Patrias: <\/strong>Se informa que el periodo de vacaciones y receso de septiembre comprender\u00e1 desde el <strong>lunes 14 al viernes 18 de septiembre<\/strong>.<\/p><p>Las clases se reanudar\u00e1n con total normalidad el <strong>lunes 21 de septiembre<\/strong>, en su horario habitual de entrada a las <strong>07:55 horas<\/strong>.<\/p><p><strong><em>Anhelamos que estas Fiestas Patrias constituyan una grata instancia de uni\u00f3n, descanso y celebraci\u00f3n en familia. Que el Se\u00f1or bendiga con abundancia y proteja cada uno de sus hogares.<\/em><\/strong><\/p><p>Atte. a usted,<\/p><p style=\"text-align: center;\"><strong>ANGELA VARGAS ROMO<br \/><\/strong><strong>INSPECTORA GENERAL<br \/><img decoding=\"async\" class=\"alignnone wp-image-17\" src=\"https:\/\/metodistatemuco.cl\/sitio\/wp-content\/uploads\/2025\/05\/logo-colegio-metodista-1536x508-1-300x99.jpg\" alt=\"\" width=\"198\" height=\"65\" srcset=\"https:\/\/metodistatemuco.cl\/sitio\/wp-content\/uploads\/2025\/05\/logo-colegio-metodista-1536x508-1-300x99.jpg 300w, https:\/\/metodistatemuco.cl\/sitio\/wp-content\/uploads\/2025\/05\/logo-colegio-metodista-1536x508-1-1024x339.jpg 1024w, https:\/\/metodistatemuco.cl\/sitio\/wp-content\/uploads\/2025\/05\/logo-colegio-metodista-1536x508-1-768x254.jpg 768w, https:\/\/metodistatemuco.cl\/sitio\/wp-content\/uploads\/2025\/05\/logo-colegio-metodista-1536x508-1.jpg 1536w\" sizes=\"(max-width: 198px) 100vw, 198px\" \/><br \/><\/strong><\/p><p style=\"text-align: right;\"><strong>Temuco, 31 de agosto de 2026<\/strong><\/p>\t\t\t\t\t\t\t\t<\/div>\n\t\t\t\t<\/div>\n\t\t\t\t\t<\/div>\n\t\t\t\t<\/div>\n\t\t\t\t<\/div>\n\t\t","protected":false},"excerpt":{"rendered":"<p>Estimados Padres y Apoderados: Junto con saludarles cordialmente, les comunicamos que, de acuerdo a la tradici\u00f3n de nuestra comunidad educativa, [&hellip;]<\/p>\n","protected":false},"author":2,"featured_media":14481,"comment_status":"open","ping_status":"","sticky":false,"template":"","format":"standard","meta":{"site-sidebar-layout":"default","site-content-layout":"","ast-site-content-layout":"default","site-content-style":"default","site-sidebar-style":"default","ast-global-header-display":"","ast-banner-title-visibility":"","ast-main-header-display":"","ast-hfb-above-header-display":"","ast-hfb-below-header-display":"","ast-hfb-mobile-header-display":"","site-post-title":"","ast-breadcrumbs-content":"","ast-featured-img":"","footer-sml-layout":"","ast-disable-related-posts":"","theme-transparent-header-meta":"","adv-header-id-meta":"","stick-header-meta":"","header-above-stick-meta":"","header-main-stick-meta":"","header-below-stick-meta":"","astra-migrate-meta-layouts":"default","ast-page-background-enabled":"default","ast-page-background-meta":{"desktop":{"background-color":"var(--ast-global-color-5)","background-image":"","background-repeat":"repeat","background-position":"center center","background-size":"auto","background-attachment":"scroll","background-type":"","background-media":"","overlay-type":"","overlay-color":"","overlay-opacity":"","overlay-gradient":""},"tablet":{"background-color":"","background-image":"","background-repeat":"repeat","background-position":"center center","background-size":"auto","background-attachment":"scroll","background-type":"","background-media":"","overlay-type":"","overlay-color":"","overlay-opacity":"","overlay-gradient":""},"mobile":{"background-color":"","background-image":"","background-repeat":"repeat","background-position":"center center","background-size":"auto","background-attachment":"scroll","background-type":"","background-media":"","overlay-type":"","overlay-color":"","overlay-opacity":"","overlay-gradient":""}},"ast-content-background-meta":{"desktop":{"background-color":"var(--ast-global-color-4)","background-image":"","background-repeat":"repeat","background-position":"center center","background-size":"auto","background-attachment":"scroll","background-type":"","background-media":"","overlay-type":"","overlay-color":"","overlay-opacity":"","overlay-gradient":""},"tablet":{"background-color":"var(--ast-global-color-4)","background-image":"","background-repeat":"repeat","background-position":"center center","background-size":"auto","background-attachment":"scroll","background-type":"","background-media":"","overlay-type":"","overlay-color":"","overlay-opacity":"","overlay-gradient":""},"mobile":{"background-color":"var(--ast-global-color-4)","background-image":"","background-repeat":"repeat","background-position":"center center","background-size":"auto","background-attachment":"scroll","background-type":"","background-media":"","overlay-type":"","overlay-color":"","overlay-opacity":"","overlay-gradient":""}},"footnotes":""},"categories":[12],"tags":[],"class_list":["post-14479","post","type-post","status-publish","format-standard","has-post-thumbnail","hentry","category-informacion"],"_links":{"self":[{"href":"https:\/\/metodistatemuco.cl\/sitio\/wp-json\/wp\/v2\/posts\/14479","targetHints":{"allow":["GET"]}}],"collection":[{"href":"https:\/\/metodistatemuco.cl\/sitio\/wp-json\/wp\/v2\/posts"}],"about":[{"href":"https:\/\/metodistatemuco.cl\/sitio\/wp-json\/wp\/v2\/types\/post"}],"author":[{"embeddable":true,"href":"https:\/\/metodistatemuco.cl\/sitio\/wp-json\/wp\/v2\/users\/2"}],"replies":[{"embeddable":true,"href":"https:\/\/metodistatemuco.cl\/sitio\/wp-json\/wp\/v2\/comments?post=14479"}],"version-history":[{"count":7,"href":"https:\/\/metodistatemuco.cl\/sitio\/wp-json\/wp\/v2\/posts\/14479\/revisions"}],"predecessor-version":[{"id":14487,"href":"https:\/\/metodistatemuco.cl\/sitio\/wp-json\/wp\/v2\/posts\/14479\/revisions\/14487"}],"wp:featuredmedia":[{"embeddable":true,"href":"https:\/\/metodistatemuco.cl\/sitio\/wp-json\/wp\/v2\/media\/14481"}],"wp:attachment":[{"href":"https:\/\/metodistatemuco.cl\/sitio\/wp-json\/wp\/v2\/media?parent=14479"}],"wp:term":[{"taxonomy":"category","embeddable":true,"href":"https:\/\/metodistatemuco.cl\/sitio\/wp-json\/wp\/v2\/categories?post=14479"},{"taxonomy":"post_tag","embeddable":true,"href":"https:\/\/metodistatemuco.cl\/sitio\/wp-json\/wp\/v2\/tags?post=14479"}],"curies":[{"name":"wp","href":"https:\/\/api.w.org\/{rel}","templated":true}]}}