{"id":14431,"date":"2026-08-31T20:15:19","date_gmt":"2026-08-31T20:15:19","guid":{"rendered":"https:\/\/metodistatemuco.cl\/sitio\/?p=14431"},"modified":"2026-08-31T20:23:19","modified_gmt":"2026-08-31T20:23:19","slug":"suspension-pastoral","status":"publish","type":"post","link":"https:\/\/metodistatemuco.cl\/sitio\/2026\/08\/31\/suspension-pastoral\/","title":{"rendered":"Suspensi\u00f3n Pastoral"},"content":{"rendered":"\t\t<div data-elementor-type=\"wp-post\" data-elementor-id=\"14431\" class=\"elementor elementor-14431\" data-elementor-post-type=\"post\">\n\t\t\t\t<div class=\"elementor-element elementor-element-2bd67a3 e-flex e-con-boxed e-con e-parent\" data-id=\"2bd67a3\" data-element_type=\"container\" data-e-type=\"container\">\n\t\t\t\t\t<div class=\"e-con-inner\">\n\t\t\t\t<div class=\"elementor-element elementor-element-c279957 elementor-widget elementor-widget-text-editor\" data-id=\"c279957\" data-element_type=\"widget\" data-e-type=\"widget\" data-widget_type=\"text-editor.default\">\n\t\t\t\t<div class=\"elementor-widget-container\">\n\t\t\t\t\t\t\t\t\t<p><img fetchpriority=\"high\" decoding=\"async\" class=\"alignnone wp-image-14432 size-full\" src=\"https:\/\/metodistatemuco.cl\/sitio\/wp-content\/uploads\/2026\/08\/Suspension-Pastoral-1.webp\" alt=\"\" width=\"1280\" height=\"475\" srcset=\"https:\/\/metodistatemuco.cl\/sitio\/wp-content\/uploads\/2026\/08\/Suspension-Pastoral-1.webp 1280w, https:\/\/metodistatemuco.cl\/sitio\/wp-content\/uploads\/2026\/08\/Suspension-Pastoral-1-300x111.webp 300w, https:\/\/metodistatemuco.cl\/sitio\/wp-content\/uploads\/2026\/08\/Suspension-Pastoral-1-1024x380.webp 1024w, https:\/\/metodistatemuco.cl\/sitio\/wp-content\/uploads\/2026\/08\/Suspension-Pastoral-1-768x285.webp 768w\" sizes=\"(max-width: 1280px) 100vw, 1280px\" \/><\/p><p>Estimado Apoderado:<\/p><p>Por medio de la presente comunicamos a Ud. que <strong>Pastoral del d\u00eda Martes 01 de septiembre<\/strong> para Educaci\u00f3n B\u00e1sica ser\u00e1 suspendido por motivos de fuerza mayor.<\/p><p>Rogamos a Ud. tomar las providencias del caso.<\/p><p><img decoding=\"async\" class=\"wp-image-17 aligncenter\" src=\"https:\/\/metodistatemuco.cl\/sitio\/wp-content\/uploads\/2025\/05\/logo-colegio-metodista-1536x508-1-300x99.jpg\" alt=\"\" width=\"170\" height=\"56\" srcset=\"https:\/\/metodistatemuco.cl\/sitio\/wp-content\/uploads\/2025\/05\/logo-colegio-metodista-1536x508-1-300x99.jpg 300w, https:\/\/metodistatemuco.cl\/sitio\/wp-content\/uploads\/2025\/05\/logo-colegio-metodista-1536x508-1-1024x339.jpg 1024w, https:\/\/metodistatemuco.cl\/sitio\/wp-content\/uploads\/2025\/05\/logo-colegio-metodista-1536x508-1-768x254.jpg 768w, https:\/\/metodistatemuco.cl\/sitio\/wp-content\/uploads\/2025\/05\/logo-colegio-metodista-1536x508-1.jpg 1536w\" sizes=\"(max-width: 170px) 100vw, 170px\" \/><\/p>\t\t\t\t\t\t\t\t<\/div>\n\t\t\t\t<\/div>\n\t\t\t\t\t<\/div>\n\t\t\t\t<\/div>\n\t\t\t\t<\/div>\n\t\t","protected":false},"excerpt":{"rendered":"<p>Estimado Apoderado: Por medio de la presente comunicamos a Ud. que Pastoral del d\u00eda Martes 01 de septiembre para Educaci\u00f3n [&hellip;]<\/p>\n","protected":false},"author":2,"featured_media":14432,"comment_status":"open","ping_status":"","sticky":false,"template":"","format":"standard","meta":{"site-sidebar-layout":"default","site-content-layout":"","ast-site-content-layout":"default","site-content-style":"default","site-sidebar-style":"default","ast-global-header-display":"","ast-banner-title-visibility":"","ast-main-header-display":"","ast-hfb-above-header-display":"","ast-hfb-below-header-display":"","ast-hfb-mobile-header-display":"","site-post-title":"","ast-breadcrumbs-content":"","ast-featured-img":"","footer-sml-layout":"","ast-disable-related-posts":"","theme-transparent-header-meta":"","adv-header-id-meta":"","stick-header-meta":"","header-above-stick-meta":"","header-main-stick-meta":"","header-below-stick-meta":"","astra-migrate-meta-layouts":"default","ast-page-background-enabled":"default","ast-page-background-meta":{"desktop":{"background-color":"var(--ast-global-color-5)","background-image":"","background-repeat":"repeat","background-position":"center center","background-size":"auto","background-attachment":"scroll","background-type":"","background-media":"","overlay-type":"","overlay-color":"","overlay-opacity":"","overlay-gradient":""},"tablet":{"background-color":"","background-image":"","background-repeat":"repeat","background-position":"center center","background-size":"auto","background-attachment":"scroll","background-type":"","background-media":"","overlay-type":"","overlay-color":"","overlay-opacity":"","overlay-gradient":""},"mobile":{"background-color":"","background-image":"","background-repeat":"repeat","background-position":"center center","background-size":"auto","background-attachment":"scroll","background-type":"","background-media":"","overlay-type":"","overlay-color":"","overlay-opacity":"","overlay-gradient":""}},"ast-content-background-meta":{"desktop":{"background-color":"var(--ast-global-color-4)","background-image":"","background-repeat":"repeat","background-position":"center center","background-size":"auto","background-attachment":"scroll","background-type":"","background-media":"","overlay-type":"","overlay-color":"","overlay-opacity":"","overlay-gradient":""},"tablet":{"background-color":"var(--ast-global-color-4)","background-image":"","background-repeat":"repeat","background-position":"center center","background-size":"auto","background-attachment":"scroll","background-type":"","background-media":"","overlay-type":"","overlay-color":"","overlay-opacity":"","overlay-gradient":""},"mobile":{"background-color":"var(--ast-global-color-4)","background-image":"","background-repeat":"repeat","background-position":"center center","background-size":"auto","background-attachment":"scroll","background-type":"","background-media":"","overlay-type":"","overlay-color":"","overlay-opacity":"","overlay-gradient":""}},"footnotes":""},"categories":[12],"tags":[],"class_list":["post-14431","post","type-post","status-publish","format-standard","has-post-thumbnail","hentry","category-informacion"],"_links":{"self":[{"href":"https:\/\/metodistatemuco.cl\/sitio\/wp-json\/wp\/v2\/posts\/14431","targetHints":{"allow":["GET"]}}],"collection":[{"href":"https:\/\/metodistatemuco.cl\/sitio\/wp-json\/wp\/v2\/posts"}],"about":[{"href":"https:\/\/metodistatemuco.cl\/sitio\/wp-json\/wp\/v2\/types\/post"}],"author":[{"embeddable":true,"href":"https:\/\/metodistatemuco.cl\/sitio\/wp-json\/wp\/v2\/users\/2"}],"replies":[{"embeddable":true,"href":"https:\/\/metodistatemuco.cl\/sitio\/wp-json\/wp\/v2\/comments?post=14431"}],"version-history":[{"count":7,"href":"https:\/\/metodistatemuco.cl\/sitio\/wp-json\/wp\/v2\/posts\/14431\/revisions"}],"predecessor-version":[{"id":14443,"href":"https:\/\/metodistatemuco.cl\/sitio\/wp-json\/wp\/v2\/posts\/14431\/revisions\/14443"}],"wp:featuredmedia":[{"embeddable":true,"href":"https:\/\/metodistatemuco.cl\/sitio\/wp-json\/wp\/v2\/media\/14432"}],"wp:attachment":[{"href":"https:\/\/metodistatemuco.cl\/sitio\/wp-json\/wp\/v2\/media?parent=14431"}],"wp:term":[{"taxonomy":"category","embeddable":true,"href":"https:\/\/metodistatemuco.cl\/sitio\/wp-json\/wp\/v2\/categories?post=14431"},{"taxonomy":"post_tag","embeddable":true,"href":"https:\/\/metodistatemuco.cl\/sitio\/wp-json\/wp\/v2\/tags?post=14431"}],"curies":[{"name":"wp","href":"https:\/\/api.w.org\/{rel}","templated":true}]}}